{"id":3266,"date":"2026-01-07T13:45:44","date_gmt":"2026-01-07T13:45:44","guid":{"rendered":"https:\/\/www.salvadormanjon.com\/?p=3266"},"modified":"2026-01-07T13:45:44","modified_gmt":"2026-01-07T13:45:44","slug":"unas-perspectivas-de-la-ce-2025-2035-poco-esperanzadoras","status":"publish","type":"post","link":"https:\/\/www.salvadormanjon.com\/index.php\/2026\/01\/07\/unas-perspectivas-de-la-ce-2025-2035-poco-esperanzadoras\/","title":{"rendered":"Unas perspectivas de la CE 2025-2035 poco esperanzadoras"},"content":{"rendered":"\n<p>No se puede decir que 2026 haya empezado muy bien.<\/p>\n\n\n\n<p>A la preocupante acci\u00f3n emprendida por Estados Unidos en Venezuela (y que provoca el en\u00e9simo \u201cescenario geopol\u00edtico complejo\u201d, como ahora se denominan a los conflictos internacionales; cuyas consecuencias, seguro negativas para el comercio mundial del que tanto depende nuestro sector vitivin\u00edcola, est\u00e1n por ver). Se unen informes de la categor\u00eda del presentado recientemente por la Comisi\u00f3n Europea sobre la actualizaci\u00f3n anual de las \u201cPerspectivas de las producciones agr\u00edcolas 2025-2035\u201d, que va un paso m\u00e1s all\u00e1 en la calificaci\u00f3n del descenso del consumo en la UE y lo sit\u00faa como \u201cestructural\u201d, previendo que seguir\u00e1 su senda bajista en los pr\u00f3ximos a\u00f1os a raz\u00f3n de un 0,9% anual hasta situarse en los 19,3 litros por persona y a\u00f1o en 2035 frente los 21,2 actuales.<\/p>\n\n\n\n<p>Las razones que justificar\u00edan esta p\u00e9rdida, las de siempre: cambios en los h\u00e1bitos (preocupaci\u00f3n por la salud, pol\u00edticas nacionales antialcohol, creciente competencia de otras bebidas\u2026) y preferencias de los consumidores (predilecci\u00f3n por vinos m\u00e1s caros que disminuyen la frecuencia; blancos y espumosos -m\u00e1s frescos, ligeros y f\u00e1ciles- frente tintos y fortificados\u2026).<\/p>\n\n\n\n<p>En el lado positivo, si es que puede considerarse as\u00ed, que la p\u00e9rdida ser\u00e1 proporcional al volumen de consumo. Por lo tanto, un pa\u00eds como Espa\u00f1a, donde el consumo es el m\u00e1s bajo de todos los pa\u00edses productores, perder\u00e1 menos que Italia, Francia o Alemania.<\/p>\n\n\n\n<p>En el negativo: que esto acarrear\u00e1 una disminuci\u00f3n de la producci\u00f3n, a raz\u00f3n de un 0,5% anual y una p\u00e9rdida de superficie del 0,6% anual. Lo que har\u00eda pr\u00e1cticamente irreversible la situaci\u00f3n a medio plazo, dadas las condiciones de cultivo que tiene la vi\u00f1a.<\/p>\n\n\n\n<p>Un marco vitivin\u00edcola que podr\u00edamos calificar de gran pesimismo y que, sin embargo, puede suponer una gran oportunidad para nuestro sector.<\/p>\n\n\n\n<p>Los bajos precios a los que operamos y el gran sacrificio, en forma de baja rentabilidad; \u201cruinosa\u201d como la califican las organizaciones agrarias, de nuestras producciones vit\u00edcolas. As\u00ed como los estrechos m\u00e1rgenes bajo los que operan nuestras bodegas (en las que est\u00e1n incluidas las cooperativas), nos sit\u00faan en una posici\u00f3n de competitividad privilegiada.<\/p>\n\n\n\n<p>Y, si bien, hay que reconocer que los miles de millones de euros procedentes de los fondos PASVE (hoy ISV) que hemos dedicado en estos \u00faltimos a\u00f1os a mejorarla, no han tenido los resultados esperados. Habr\u00e1 que confiar en que esto cambie alg\u00fan d\u00eda y el reci\u00e9n aprobado \u201cPaquete Vino\u201d acabe siendo el revulsivo que nuestro sector necesita.<\/p>\n","protected":false},"excerpt":{"rendered":"<p>No se puede decir que 2026 haya empezado muy bien. A la preocupante acci\u00f3n emprendida por Estados Unidos en Venezuela (y que provoca el en\u00e9simo \u201cescenario geopol\u00edtico complejo\u201d, como ahora se denominan a los conflictos internacionales; cuyas consecuencias, seguro negativas para el comercio mundial del que tanto depende nuestro sector vitivin\u00edcola, est\u00e1n por ver). Se [&hellip;]<\/p>\n","protected":false},"author":1,"featured_media":3026,"comment_status":"open","ping_status":"closed","sticky":false,"template":"","format":"standard","meta":{"footnotes":""},"categories":[3],"tags":[],"class_list":["post-3266","post","type-post","status-publish","format-standard","has-post-thumbnail","hentry","category-impresiones"],"_links":{"self":[{"href":"https:\/\/www.salvadormanjon.com\/index.php\/wp-json\/wp\/v2\/posts\/3266","targetHints":{"allow":["GET"]}}],"collection":[{"href":"https:\/\/www.salvadormanjon.com\/index.php\/wp-json\/wp\/v2\/posts"}],"about":[{"href":"https:\/\/www.salvadormanjon.com\/index.php\/wp-json\/wp\/v2\/types\/post"}],"author":[{"embeddable":true,"href":"https:\/\/www.salvadormanjon.com\/index.php\/wp-json\/wp\/v2\/users\/1"}],"replies":[{"embeddable":true,"href":"https:\/\/www.salvadormanjon.com\/index.php\/wp-json\/wp\/v2\/comments?post=3266"}],"version-history":[{"count":1,"href":"https:\/\/www.salvadormanjon.com\/index.php\/wp-json\/wp\/v2\/posts\/3266\/revisions"}],"predecessor-version":[{"id":3267,"href":"https:\/\/www.salvadormanjon.com\/index.php\/wp-json\/wp\/v2\/posts\/3266\/revisions\/3267"}],"wp:featuredmedia":[{"embeddable":true,"href":"https:\/\/www.salvadormanjon.com\/index.php\/wp-json\/wp\/v2\/media\/3026"}],"wp:attachment":[{"href":"https:\/\/www.salvadormanjon.com\/index.php\/wp-json\/wp\/v2\/media?parent=3266"}],"wp:term":[{"taxonomy":"category","embeddable":true,"href":"https:\/\/www.salvadormanjon.com\/index.php\/wp-json\/wp\/v2\/categories?post=3266"},{"taxonomy":"post_tag","embeddable":true,"href":"https:\/\/www.salvadormanjon.com\/index.php\/wp-json\/wp\/v2\/tags?post=3266"}],"curies":[{"name":"wp","href":"https:\/\/api.w.org\/{rel}","templated":true}]}}