{"id":371,"date":"2013-06-28T13:56:48","date_gmt":"2013-06-28T11:56:48","guid":{"rendered":"http:\/\/www.sevi.net\/wordpress\/?p=371"},"modified":"2013-06-28T13:56:48","modified_gmt":"2013-06-28T11:56:48","slug":"con-muchas-dudas","status":"publish","type":"post","link":"https:\/\/www.salvadormanjon.com\/index.php\/2013\/06\/28\/con-muchas-dudas\/","title":{"rendered":"Con muchas dudas"},"content":{"rendered":"<p style=\"text-align: left;\">Si podemos fiarnos del Gobierno y confiar en que cumplan, nuestras bodegas pueden respirar tranquilas, ya que los procedimientos de circulaci\u00f3n de productos objeto de los impuestos especiales (II.EE.), con documento administrativo electr\u00f3nico (e-DA) en el \u00e1mbito territorial interno, quedan aplazados al 1 de enero de 2014.<\/p>\n<p style=\"text-align: left;\">\n<p style=\"text-align: left;\">El \u00a027 de junio, tres d\u00edas antes de finalizara el plazo, colgaba en su su web un borrador de modificaci\u00f3n del Real Decreto 1715\/2012 por el que el que el <a title=\"Ministerio Hacienda\" href=\"http:\/\/www.minhap.gob.es\/es-ES\/Paginas\/Home.aspx\" target=\"_blank\" rel=\"noopener\">Ministerio de Hacienda y Administraciones P\u00fablicas<\/a>, que dirige el se\u00f1or Crist\u00f3bal Montoro, prorroga el plazo de entrada en vigor de los <strong>EMCS<\/strong>.<\/p>\n<p style=\"text-align: left;\">\u00bfGenerosidad de la Administraci\u00f3n? No, m\u00e1s bien ineficacia. Ya que el retraso en la puesta en marcha del entorno inform\u00e1tico ha dificultado la adaptaci\u00f3n de las aplicaciones inform\u00e1ticas que deber\u00edan permitir cumplir con esta obligaci\u00f3n.<\/p>\n<p style=\"text-align: left;\">Considerando las elevadas sanciones previstas en el RD 1715\/2012 para el incumplimiento de la puesta en marcha del EMCS, hay miles de peque\u00f1as bodegas espa\u00f1olas que ve\u00edan llegar el 1 de julio sin haber tenido la posibilidad de adaptarse al cumplimiento de esta norma; y sin ninguna informaci\u00f3n sobre la pr\u00f3rroga de su entrada en vigor, con el consiguiente problema que les est\u00e1 suponiendo el tener que hacer las cosas mal y r\u00e1pido.<\/p>\n<p style=\"text-align: left;\">Como si vender no fuera ya suficiente quebradero de cabeza para las bodegas, que no hay d\u00eda que no despierten con alg\u00fan sobresalto, como el que ahora afecta a las\u00a0exportaciones de vino a Estados Unidos. Un mercado cuyas autoridades est\u00e1n rechazando algunos de nuestros vinos, alegando que contienen trazas de determinados plaguicidas no autorizados en EE.UU. Parece que la Uni\u00f3n Europea ha tomado cartas en el asunto y est\u00e1 intentando encontrar una soluci\u00f3n favorable, aprovechando las negociaciones abiertas en el marco del Acuerdo de Asociaci\u00f3n Transatl\u00e1ntica para el Comercio y la Inversi\u00f3n (<strong>ATCI<\/strong>), que se inician el pr\u00f3ximo 8 de julio, y que ha sido definido como el mayor acuerdo comercial bilateral de la historia entre EE.UU. y la UE.<\/p>\n<p style=\"text-align: left;\">Pacto en el que deber\u00e1n ser abordadas reducciones arancelarias, tasas, medidas antidumping y compensatorias y las<\/p>\n<p style=\"text-align: left;\">\u00a0de salvaguardia; pero tambi\u00e9n temas m\u00e1s espinosos como el que hace referencia a la protecci\u00f3n de las indicaciones geogr\u00e1ficas<\/p>\n<p>.<\/p>\n","protected":false},"excerpt":{"rendered":"<p>Si podemos fiarnos del Gobierno y confiar en que cumplan, nuestras bodegas pueden respirar tranquilas, ya que los procedimientos de circulaci\u00f3n de productos objeto de los impuestos especiales (II.EE.), con documento administrativo electr\u00f3nico (e-DA) en el \u00e1mbito territorial interno, quedan aplazados al 1 de enero de 2014. El \u00a027 de junio, tres d\u00edas antes de [&hellip;]<\/p>\n","protected":false},"author":1,"featured_media":0,"comment_status":"open","ping_status":"closed","sticky":false,"template":"","format":"standard","meta":{"footnotes":""},"categories":[3],"tags":[],"class_list":["post-371","post","type-post","status-publish","format-standard","hentry","category-impresiones"],"_links":{"self":[{"href":"https:\/\/www.salvadormanjon.com\/index.php\/wp-json\/wp\/v2\/posts\/371","targetHints":{"allow":["GET"]}}],"collection":[{"href":"https:\/\/www.salvadormanjon.com\/index.php\/wp-json\/wp\/v2\/posts"}],"about":[{"href":"https:\/\/www.salvadormanjon.com\/index.php\/wp-json\/wp\/v2\/types\/post"}],"author":[{"embeddable":true,"href":"https:\/\/www.salvadormanjon.com\/index.php\/wp-json\/wp\/v2\/users\/1"}],"replies":[{"embeddable":true,"href":"https:\/\/www.salvadormanjon.com\/index.php\/wp-json\/wp\/v2\/comments?post=371"}],"version-history":[{"count":0,"href":"https:\/\/www.salvadormanjon.com\/index.php\/wp-json\/wp\/v2\/posts\/371\/revisions"}],"wp:attachment":[{"href":"https:\/\/www.salvadormanjon.com\/index.php\/wp-json\/wp\/v2\/media?parent=371"}],"wp:term":[{"taxonomy":"category","embeddable":true,"href":"https:\/\/www.salvadormanjon.com\/index.php\/wp-json\/wp\/v2\/categories?post=371"},{"taxonomy":"post_tag","embeddable":true,"href":"https:\/\/www.salvadormanjon.com\/index.php\/wp-json\/wp\/v2\/tags?post=371"}],"curies":[{"name":"wp","href":"https:\/\/api.w.org\/{rel}","templated":true}]}}