{"id":377,"date":"2013-07-05T10:55:40","date_gmt":"2013-07-05T08:55:40","guid":{"rendered":"http:\/\/www.sevi.net\/wordpress\/?p=377"},"modified":"2013-07-05T10:55:40","modified_gmt":"2013-07-05T08:55:40","slug":"se-cumplieron-las-amenazas","status":"publish","type":"post","link":"https:\/\/www.salvadormanjon.com\/index.php\/2013\/07\/05\/se-cumplieron-las-amenazas\/","title":{"rendered":"Se cumplieron las amenazas"},"content":{"rendered":"<p>Hasta ahora, el asunto de <strong>China<\/strong> cab\u00eda la posibilidad de que se tratara de una mera rabieta ante la reacci\u00f3n de la Uni\u00f3n Europea, m\u00e1s exactamente por la presi\u00f3n ejercida por <strong>Alemania<\/strong> para aumentar las cargas a las placas solares provenientes del gigante asi\u00e1tico. Lamentablemente, desde el 1 de julio, esas amenazas se han convertido en una realidad con el anuncio a la Delegaci\u00f3n de la <strong>Uni\u00f3n Europea<\/strong> del inicio oficial de las <a title=\"Sevi\" href=\"http:\/\/www.sevi.net\/xoops233\/modules\/news\/article.php?storyid=4506&amp;menupr=4&amp;storytopic=5\" target=\"_blank\" rel=\"noopener\">investigaciones anti-<i>dumping<\/i><\/a> y anti-subvenci\u00f3n contra los<strong> vinos<\/strong> comunitarios.<\/p>\n<p>Cuesti\u00f3n nada desde\u00f1able. No tanto por lo que pueda suponer el volumen exportado por Espa\u00f1a a ese pa\u00eds asi\u00e1tico, que durante el pasado a\u00f1o fue de 691.974 hectolitros, apenas un 3,4% del total exportado, y que en los primeros cuatro meses de 2013 apenas si supera los ciento sesenta y dos mil hectolitros, con una ca\u00edda sobre el mismo periodo del a\u00f1o anterior del 36,1%, seg\u00fan informaci\u00f3n publicada por<a title=\"Exportaciones 2012\" href=\"http:\/\/www.sevi.net\/xoops233\/modules\/news\/article.php?storyid=3827&amp;llamada=anteriores\" target=\"_blank\" rel=\"noopener\"> <strong>La Semana Vitivin\u00edcola<\/strong><\/a>. Como por lo que pudiera representar en el conjunto de la Uni\u00f3n Europea, especialmente en pa\u00edses como Francia con un volumen exportado en 2012 de 1,4 millones de hectolitros o Italia con trescientos veinticinco mil hectolitros; de los que una buena parte de ese vino es de origen espa\u00f1ol.<\/p>\n<p style=\"text-align: justify;\">Tampoco es poca cosa el esfuerzo administrativo y econ\u00f3mico que esta batalla va a suponerle a las empresas y operadores que exportan, que deber\u00e1n registrarse como partes interesadas y demostrar su voluntad de cooperar, cumplimentando y enviando una serie de formularios, en chino y contando con un representante legal. Sin olvidar los cuantiosos emolumentos que los despachos de abogados pasar\u00e1n a las bodegas y operadores implicados. Medidas preventivas todas ellas ante la posibilidad de que acaben siendo condenadas y se les impongan tasas m\u00e1s elevadas. Iniciativa que ha comandado la <a title=\"FEV\" href=\"http:\/\/www.sevi.net\/xoops233\/modules\/news\/article.php?storyid=4346&amp;llamada=anteriores\" target=\"_blank\" rel=\"noopener\"><strong>FEV<\/strong><\/a><\/p>\n<p style=\"text-align: justify;\">Esto supone un torpedo en toda la l\u00ednea de flotaci\u00f3n del modelo vitivin\u00edcola europeo y al que la reci\u00e9n aprobada PAC ha dado su visto bueno para los pr\u00f3ximos siete a\u00f1os. Cuesti\u00f3n que nos deber\u00eda servir para hacernos reflexionar sobre posible planes 2020 y el modelo europeo al que deberemos ir en un mercado internacional cada vez m\u00e1s abierto.<\/p>\n","protected":false},"excerpt":{"rendered":"<p>Hasta ahora, el asunto de China cab\u00eda la posibilidad de que se tratara de una mera rabieta ante la reacci\u00f3n de la Uni\u00f3n Europea, m\u00e1s exactamente por la presi\u00f3n ejercida por Alemania para aumentar las cargas a las placas solares provenientes del gigante asi\u00e1tico. Lamentablemente, desde el 1 de julio, esas amenazas se han convertido [&hellip;]<\/p>\n","protected":false},"author":1,"featured_media":0,"comment_status":"open","ping_status":"closed","sticky":false,"template":"","format":"standard","meta":{"footnotes":""},"categories":[3],"tags":[],"class_list":["post-377","post","type-post","status-publish","format-standard","hentry","category-impresiones"],"_links":{"self":[{"href":"https:\/\/www.salvadormanjon.com\/index.php\/wp-json\/wp\/v2\/posts\/377","targetHints":{"allow":["GET"]}}],"collection":[{"href":"https:\/\/www.salvadormanjon.com\/index.php\/wp-json\/wp\/v2\/posts"}],"about":[{"href":"https:\/\/www.salvadormanjon.com\/index.php\/wp-json\/wp\/v2\/types\/post"}],"author":[{"embeddable":true,"href":"https:\/\/www.salvadormanjon.com\/index.php\/wp-json\/wp\/v2\/users\/1"}],"replies":[{"embeddable":true,"href":"https:\/\/www.salvadormanjon.com\/index.php\/wp-json\/wp\/v2\/comments?post=377"}],"version-history":[{"count":0,"href":"https:\/\/www.salvadormanjon.com\/index.php\/wp-json\/wp\/v2\/posts\/377\/revisions"}],"wp:attachment":[{"href":"https:\/\/www.salvadormanjon.com\/index.php\/wp-json\/wp\/v2\/media?parent=377"}],"wp:term":[{"taxonomy":"category","embeddable":true,"href":"https:\/\/www.salvadormanjon.com\/index.php\/wp-json\/wp\/v2\/categories?post=377"},{"taxonomy":"post_tag","embeddable":true,"href":"https:\/\/www.salvadormanjon.com\/index.php\/wp-json\/wp\/v2\/tags?post=377"}],"curies":[{"name":"wp","href":"https:\/\/api.w.org\/{rel}","templated":true}]}}