{"id":430,"date":"2013-08-26T08:29:25","date_gmt":"2013-08-26T06:29:25","guid":{"rendered":"http:\/\/www.sevi.net\/wordpress\/?p=430"},"modified":"2013-08-26T08:29:25","modified_gmt":"2013-08-26T06:29:25","slug":"entre-vendimias-y-cuestionarios","status":"publish","type":"post","link":"https:\/\/www.salvadormanjon.com\/index.php\/2013\/08\/26\/entre-vendimias-y-cuestionarios\/","title":{"rendered":"Entre vendimias y cuestionarios"},"content":{"rendered":"<p>Aunque todav\u00eda son pocas las provincias espa\u00f1olas donde los lagares han abierto sus puertas para recibir las uvas de la cosecha 2013\/14, las estimaciones y valoraciones sobre lo que podr\u00e1 acabar siendo la <strong>vendimia<\/strong> se suceden de manera precipitada.<\/p>\n<p>Considerando los graves errores cometidos en las <strong>estimaciones<\/strong> que se realizaron en la anterior vendimia y los datos \u201coficiales\u201d de las <strong>declaraciones de producci\u00f3n<\/strong> a los que finalmente nos hemos tenido que enfrentar en estos \u00faltimos meses, con consecuencias tan graves como el incumplimiento de una parte sustancial de los \u00faltimos contratos firmados; es natural que la prudencia sea extrema y nadie quiera ponerle el cascabel al gato. No obstante, s\u00ed podr\u00edamos decir que la de cuarenta y cuatro millones de hectolitros es la cifra que cuenta con mayores posibilidades sobre la que pivotar la <strong>cosecha<\/strong>. Volumen que nos devolver\u00eda a la situaci\u00f3n de la campa\u00f1a 2006, en la que se vendimiaron en Espa\u00f1a 43,659 Mhl y 172,252 Mhl en el total de la UE.<\/p>\n<p>Respecto a los <strong>precios<\/strong>, las prudencias son todav\u00eda mayores y aunque podr\u00eda resultar muy aventurado hablar de 2,5-2,7 pesetas por kilogrado para la Air\u00e9n manchega, tomen nota de esta posibilidad porque parece ser es la que cuenta con la mejor posici\u00f3n de salida.<\/p>\n<p>A\u00fan a riesgo de parecer cansino, otro de los temas que es importante no perder de vista es el conflicto que tenemos abierto con <strong>China<\/strong> y el <strong>expediente anti-dumping y medidas anti-subvenci\u00f3n<\/strong> que se ha iniciado contra los vinos europeos.<\/p>\n<p>Las autoridades chinas han \u201celegido\u201d aquellas bodegas que van a ser \u201cestudiadas de una forma m\u00e1s concisa\u201d: cuatro francesas y dos espa\u00f1olas.<\/p>\n<p>\u00bfCriterios para su elecci\u00f3n?<\/p>\n<p>En el caso franc\u00e9s una de las seleccionadas ha sido Castel Freres, lo que definir\u00edamos como un \u201cgigante\u201d del negocio; en Espa\u00f1a, despu\u00e9s de una revisi\u00f3n, <strong>F\u00e9lix Sol\u00eds<\/strong> y <strong>Cherubino Valsangiacomo<\/strong>; con siete y diez millones de litros exportados a China en 2012 respectivamente.<\/p>\n<p>Claro est\u00e1 que esta elecci\u00f3n podr\u00eda deberse a la necesidad de dar curso a un tr\u00e1mite que deben continuar por cuestiones de apariencia, pero cuya resoluci\u00f3n ya se ha adoptado, con el acuerdo al que llegaron semanas atr\u00e1s en el tema de los aranceles a los <strong>paneles solares<\/strong> chinos.<\/p>\n<p>Sea como sea, la cuesti\u00f3n es que, por parte del sector, esta elecci\u00f3n ha sido tomada con cierta satisfacci\u00f3n y se considera que facilitar\u00e1 mucho la cancelaci\u00f3n de un problema pol\u00edtico que ha tomado al <strong>sector vin\u00edcola<\/strong> como reh\u00e9n.<\/p>\n","protected":false},"excerpt":{"rendered":"<p>Aunque todav\u00eda son pocas las provincias espa\u00f1olas donde los lagares han abierto sus puertas para recibir las uvas de la cosecha 2013\/14, las estimaciones y valoraciones sobre lo que podr\u00e1 acabar siendo la vendimia se suceden de manera precipitada. Considerando los graves errores cometidos en las estimaciones que se realizaron en la anterior vendimia y [&hellip;]<\/p>\n","protected":false},"author":1,"featured_media":0,"comment_status":"open","ping_status":"closed","sticky":false,"template":"","format":"standard","meta":{"footnotes":""},"categories":[3],"tags":[],"class_list":["post-430","post","type-post","status-publish","format-standard","hentry","category-impresiones"],"_links":{"self":[{"href":"https:\/\/www.salvadormanjon.com\/index.php\/wp-json\/wp\/v2\/posts\/430","targetHints":{"allow":["GET"]}}],"collection":[{"href":"https:\/\/www.salvadormanjon.com\/index.php\/wp-json\/wp\/v2\/posts"}],"about":[{"href":"https:\/\/www.salvadormanjon.com\/index.php\/wp-json\/wp\/v2\/types\/post"}],"author":[{"embeddable":true,"href":"https:\/\/www.salvadormanjon.com\/index.php\/wp-json\/wp\/v2\/users\/1"}],"replies":[{"embeddable":true,"href":"https:\/\/www.salvadormanjon.com\/index.php\/wp-json\/wp\/v2\/comments?post=430"}],"version-history":[{"count":0,"href":"https:\/\/www.salvadormanjon.com\/index.php\/wp-json\/wp\/v2\/posts\/430\/revisions"}],"wp:attachment":[{"href":"https:\/\/www.salvadormanjon.com\/index.php\/wp-json\/wp\/v2\/media?parent=430"}],"wp:term":[{"taxonomy":"category","embeddable":true,"href":"https:\/\/www.salvadormanjon.com\/index.php\/wp-json\/wp\/v2\/categories?post=430"},{"taxonomy":"post_tag","embeddable":true,"href":"https:\/\/www.salvadormanjon.com\/index.php\/wp-json\/wp\/v2\/tags?post=430"}],"curies":[{"name":"wp","href":"https:\/\/api.w.org\/{rel}","templated":true}]}}