{"id":609,"date":"2013-09-17T11:25:33","date_gmt":"2013-09-17T09:25:33","guid":{"rendered":"http:\/\/www.sevi.net\/wordpress\/?p=609"},"modified":"2013-09-17T11:25:33","modified_gmt":"2013-09-17T09:25:33","slug":"las-olimpiadas-un-hecho-a-reflexionar","status":"publish","type":"post","link":"https:\/\/www.salvadormanjon.com\/index.php\/2013\/09\/17\/las-olimpiadas-un-hecho-a-reflexionar\/","title":{"rendered":"Las olimpiadas, un hecho a reflexionar"},"content":{"rendered":"<p>Cuando todav\u00eda resuenan los ecos de nuestra apresurada eliminaci\u00f3n en primera votaci\u00f3n en la elecci\u00f3n de la sede para los <strong>Juegos Ol\u00edmpicos 2020<\/strong>, se hace necesario reflexionar sobre tres cuestiones, a m\u00ed entender b\u00e1sicas, sobre el papel de Espa\u00f1a como <strong>marca colectiva<\/strong>: imagen que tenemos en el exterior y la que nosotros creemos tener, conocimiento de idiomas y peso de nuestro pa\u00eds en el panorama mundial.<\/p>\n<p>Y no es porque a m\u00ed me importe mucho que Madrid organizase las Olimpiadas del 2020, que eso carece completamente de importancia, sino porque siguiendo la evoluci\u00f3n de lo sucedido estos d\u00edas, me parec\u00eda estar viendo a nuestras bodegas cuando salen a vender sus vinos al exterior.<\/p>\n<p>En alguna ocasi\u00f3n hay a quien han puesto a \u201ccaer de un burro\u201d por decir que en el exterior la imagen que tienen nuestros <strong>vinos<\/strong> es de \u201cpeleones y barateros\u201d. Seguramente con raz\u00f3n, ya que ni los precios, pero seguro que la calidad, no lo justifica. Pero es verdad, por m\u00e1s que nos pese, que no somos el paradigma del valor a\u00f1adido en vinos, como as\u00ed lo demuestra el desglose de nuestras exportaciones, donde pr\u00e1cticamente la mitad se comercializa en envases de capacidad superior a dos litros (graneles), en la que se concentra el volumen que hemos perdido en el interanual julio\u201912-junio\u201913, como consecuencia de la elevaci\u00f3n de los precios.<\/p>\n<p>Y en cuanto al peso de nuestro pa\u00eds, \u00a1qu\u00e9 vamos decir! Si nos tienen que invitar a participar en las reuniones de las 20 econom\u00edas m\u00e1s grandes del mundo, o somos el que mayor tasa de paro sufre, o el mayor nido de profesionales que deben salir fuera a buscar trabajo. Eso por no hablar de la imagen de nuestra clase pol\u00edtica.<\/p>\n<p>Se hace necesaria una reflexi\u00f3n profunda y serena de lo que ha sucedido, porque en Buenos Aires a Espa\u00f1a la dejaron fuera de algo m\u00e1s que de la organizaci\u00f3n de unas Olimpiadas.<\/p>\n","protected":false},"excerpt":{"rendered":"<p>Cuando todav\u00eda resuenan los ecos de nuestra apresurada eliminaci\u00f3n en primera votaci\u00f3n en la elecci\u00f3n de la sede para los Juegos Ol\u00edmpicos 2020, se hace necesario reflexionar sobre tres cuestiones, a m\u00ed entender b\u00e1sicas, sobre el papel de Espa\u00f1a como marca colectiva: imagen que tenemos en el exterior y la que nosotros creemos tener, conocimiento [&hellip;]<\/p>\n","protected":false},"author":1,"featured_media":0,"comment_status":"open","ping_status":"closed","sticky":false,"template":"","format":"standard","meta":{"footnotes":""},"categories":[3],"tags":[],"class_list":["post-609","post","type-post","status-publish","format-standard","hentry","category-impresiones"],"_links":{"self":[{"href":"https:\/\/www.salvadormanjon.com\/index.php\/wp-json\/wp\/v2\/posts\/609","targetHints":{"allow":["GET"]}}],"collection":[{"href":"https:\/\/www.salvadormanjon.com\/index.php\/wp-json\/wp\/v2\/posts"}],"about":[{"href":"https:\/\/www.salvadormanjon.com\/index.php\/wp-json\/wp\/v2\/types\/post"}],"author":[{"embeddable":true,"href":"https:\/\/www.salvadormanjon.com\/index.php\/wp-json\/wp\/v2\/users\/1"}],"replies":[{"embeddable":true,"href":"https:\/\/www.salvadormanjon.com\/index.php\/wp-json\/wp\/v2\/comments?post=609"}],"version-history":[{"count":0,"href":"https:\/\/www.salvadormanjon.com\/index.php\/wp-json\/wp\/v2\/posts\/609\/revisions"}],"wp:attachment":[{"href":"https:\/\/www.salvadormanjon.com\/index.php\/wp-json\/wp\/v2\/media?parent=609"}],"wp:term":[{"taxonomy":"category","embeddable":true,"href":"https:\/\/www.salvadormanjon.com\/index.php\/wp-json\/wp\/v2\/categories?post=609"},{"taxonomy":"post_tag","embeddable":true,"href":"https:\/\/www.salvadormanjon.com\/index.php\/wp-json\/wp\/v2\/tags?post=609"}],"curies":[{"name":"wp","href":"https:\/\/api.w.org\/{rel}","templated":true}]}}