{"id":632,"date":"2013-10-22T11:06:40","date_gmt":"2013-10-22T09:06:40","guid":{"rendered":"http:\/\/www.salvadormanjon.com\/?p=632"},"modified":"2013-10-22T11:06:40","modified_gmt":"2013-10-22T09:06:40","slug":"la-exportacion-mas-importante-que-nunca","status":"publish","type":"post","link":"https:\/\/www.salvadormanjon.com\/index.php\/2013\/10\/22\/la-exportacion-mas-importante-que-nunca\/","title":{"rendered":"La exportaci\u00f3n, m\u00e1s importante que nunca"},"content":{"rendered":"<p>Ya comprendo que tal y como est\u00e1 el mercado, con cotizaciones a la baja y las bodegas colapsadas, ante una vendimia que ha desbordado las previsiones m\u00e1s optimistas en Castilla-La Mancha, especialmente en la provincia de Ciudad Real; hablar de acuerdos entre las comunidades aut\u00f3nomas y el Ministerio de Agricultura para mejorar la recogida de la informaci\u00f3n de las explotaciones agrarias, establecimientos, empresas industriales y mercados agrarios para la elaboraci\u00f3n de las estad\u00edsticas agrarias, no sea lo que m\u00e1s les pueda interesar en estos momentos. Pero teniendo en cuenta que encontrar\u00e1n amplia informaci\u00f3n de vendimia en las secciones dedicadas al efecto, merece la pena destacar el esfuerzo realizado por este organismo del Gobierno, al que tantas veces hemos criticado por su falta de informaci\u00f3n, y que parece haber tomado conciencia de la importancia que este tipo de datos tiene para el sector.<\/p>\n<p>Es evidente que nos enfrentamos a una campa\u00f1a dif\u00edcil, muy voluminosa y con grandes diferencias entre las calidades de unas y otras partidas. Donde se han elaborado muchos productos \u201cderivados\u201d de las uvas de vinificaci\u00f3n (mostos, alcoholes y vinagres) diferentes al vino, que deber\u00e1n ayudarnos a mantener los precios en unos niveles de rentabilidad econ\u00f3mica, pero que tirar\u00e1n a la baja de sus cotizaciones mientras no pongamos un poco de orden en este marem\u00e1gnum en el que nos estamos moviendo actualmente, con muchos rumores, algunas valoraciones, y pocos datos concretos.<\/p>\n<p>No hay ninguna duda de que la evoluci\u00f3n que tenga el mercado en los pr\u00f3ximos meses depender\u00e1, en gran medida, de lo que suceda con nuestras exportaciones, y que, adem\u00e1s de las compras realizadas por franceses o italianos, habr\u00e1 que encontrar nuevos destinos o recuperar algunos de los perdidos este a\u00f1o como consecuencia de una elevaci\u00f3n \u201cdesproporcionada\u201d (en mi opini\u00f3n) de los precios.<\/p>\n","protected":false},"excerpt":{"rendered":"<p>Ya comprendo que tal y como est\u00e1 el mercado, con cotizaciones a la baja y las bodegas colapsadas, ante una vendimia que ha desbordado las previsiones m\u00e1s optimistas en Castilla-La Mancha, especialmente en la provincia de Ciudad Real; hablar de acuerdos entre las comunidades aut\u00f3nomas y el Ministerio de Agricultura para mejorar la recogida de [&hellip;]<\/p>\n","protected":false},"author":1,"featured_media":0,"comment_status":"open","ping_status":"closed","sticky":false,"template":"","format":"standard","meta":{"footnotes":""},"categories":[3],"tags":[],"class_list":["post-632","post","type-post","status-publish","format-standard","hentry","category-impresiones"],"_links":{"self":[{"href":"https:\/\/www.salvadormanjon.com\/index.php\/wp-json\/wp\/v2\/posts\/632","targetHints":{"allow":["GET"]}}],"collection":[{"href":"https:\/\/www.salvadormanjon.com\/index.php\/wp-json\/wp\/v2\/posts"}],"about":[{"href":"https:\/\/www.salvadormanjon.com\/index.php\/wp-json\/wp\/v2\/types\/post"}],"author":[{"embeddable":true,"href":"https:\/\/www.salvadormanjon.com\/index.php\/wp-json\/wp\/v2\/users\/1"}],"replies":[{"embeddable":true,"href":"https:\/\/www.salvadormanjon.com\/index.php\/wp-json\/wp\/v2\/comments?post=632"}],"version-history":[{"count":0,"href":"https:\/\/www.salvadormanjon.com\/index.php\/wp-json\/wp\/v2\/posts\/632\/revisions"}],"wp:attachment":[{"href":"https:\/\/www.salvadormanjon.com\/index.php\/wp-json\/wp\/v2\/media?parent=632"}],"wp:term":[{"taxonomy":"category","embeddable":true,"href":"https:\/\/www.salvadormanjon.com\/index.php\/wp-json\/wp\/v2\/categories?post=632"},{"taxonomy":"post_tag","embeddable":true,"href":"https:\/\/www.salvadormanjon.com\/index.php\/wp-json\/wp\/v2\/tags?post=632"}],"curies":[{"name":"wp","href":"https:\/\/api.w.org\/{rel}","templated":true}]}}