{"id":714,"date":"2014-02-27T11:31:40","date_gmt":"2014-02-27T09:31:40","guid":{"rendered":"http:\/\/www.salvadormanjon.com\/?p=714"},"modified":"2014-02-27T11:31:40","modified_gmt":"2014-02-27T09:31:40","slug":"mucha-estadistica-y-el-mercado-parado","status":"publish","type":"post","link":"https:\/\/www.salvadormanjon.com\/index.php\/2014\/02\/27\/mucha-estadistica-y-el-mercado-parado\/","title":{"rendered":"Mucha estad\u00edstica y el mercado parado"},"content":{"rendered":"<p>Son muchos los temas que se acumulan esta semana y que resultan de gran trascendencia para el sector: desde la apuesta del Ministerio por contar con datos de producci\u00f3n m\u00e1s cercanos y que verdaderamente ayuden a las bodegas en la toma de sus decisiones y planificaci\u00f3n de la campa\u00f1a, hasta los que hacen referencia al mercado exterior, tanto en su vertiente exportadora como importadora durante el pasado a\u00f1o 2013. O los referidos al consumo en el hogar hasta noviembre; sin olvidarnos de la estimaci\u00f3n de cosecha publicada por la UE, o el aviso dado por la Comisi\u00f3n advirtiendo que las ayudas a la inversi\u00f3n no pueden restringirse atendiendo al tama\u00f1o de las empresas. De todos estos temas encontrar\u00e1n una amplia informaci\u00f3n en nuestras p\u00e1ginas y en la web <a href=\"http:\/\/www.sevi.net\">www.sevi.net<\/a> que hemos renovado pensando en ustedes.<\/p>\n<p>Muy posiblemente, el modificar las fechas para las declaraciones de existencias, de cosecha y de producci\u00f3n pueda parecer la informaci\u00f3n menos relevante. Pero si tenemos en cuenta cu\u00e1l ha sido la reacci\u00f3n del mercado a la estimaci\u00f3n hecha p\u00fablica por el Ministerio de una cosecha por encima de los cincuenta millones de hectolitros; y que los representantes del sector demandan que esta informaci\u00f3n se sepa cuanto antes y que se traslade a los operadores de manera r\u00e1pida y autom\u00e1tica como sucede en otros sectores muy similares como el del aceite de oliva, quiz\u00e1 entendamos que no es tan banal y que sus consecuencias van mucho m\u00e1s all\u00e1 de los datos de una campa\u00f1a concreta.<\/p>\n<p>Si adem\u00e1s nos fijamos en que los operadores que tendr\u00e1n la obligaci\u00f3n de completar estas declaraciones se ampl\u00edan a: productores de vino, productores de otros productos distintos al vino y no productores que lo hayan adquirido; es posible que acabemos con esas diferencias entre la informaci\u00f3n de unas declaraciones y otras que tantas veces hemos denunciado y logremos que los diversos colectivos que integran el sector cuenten con una informaci\u00f3n solvente y actualizada.<\/p>\n<p>Lo que igual ayuda a que la Comisi\u00f3n en esas estimaciones europeas tambi\u00e9n actualice sus datos y los ajuste m\u00e1s a la realidad, pues cuando Espa\u00f1a ya ha publicado los 50,5 Mhl, en los balances comunitarios siguen figurando dos millones menos para nuestro pa\u00eds.<\/p>\n<p>En cuanto a nuestro mercado exterior, pues qu\u00e9 les voy a contar, que seguimos manteniendo un buen ritmo en nuestras exportaciones, gracias al cual funciona el mercado, pues el consumo interno mantiene un estancamiento end\u00e9mico. Aunque las esperanzas de recuperar los cuatro millones y medio de hectolitros perdidos sigue pareci\u00e9ndome un sue\u00f1o lejano.<\/p>\n","protected":false},"excerpt":{"rendered":"<p>Son muchos los temas que se acumulan esta semana y que resultan de gran trascendencia para el sector: desde la apuesta del Ministerio por contar con datos de producci\u00f3n m\u00e1s cercanos y que verdaderamente ayuden a las bodegas en la toma de sus decisiones y planificaci\u00f3n de la campa\u00f1a, hasta los que hacen referencia al [&hellip;]<\/p>\n","protected":false},"author":1,"featured_media":0,"comment_status":"open","ping_status":"closed","sticky":false,"template":"","format":"standard","meta":{"footnotes":""},"categories":[3],"tags":[],"class_list":["post-714","post","type-post","status-publish","format-standard","hentry","category-impresiones"],"_links":{"self":[{"href":"https:\/\/www.salvadormanjon.com\/index.php\/wp-json\/wp\/v2\/posts\/714","targetHints":{"allow":["GET"]}}],"collection":[{"href":"https:\/\/www.salvadormanjon.com\/index.php\/wp-json\/wp\/v2\/posts"}],"about":[{"href":"https:\/\/www.salvadormanjon.com\/index.php\/wp-json\/wp\/v2\/types\/post"}],"author":[{"embeddable":true,"href":"https:\/\/www.salvadormanjon.com\/index.php\/wp-json\/wp\/v2\/users\/1"}],"replies":[{"embeddable":true,"href":"https:\/\/www.salvadormanjon.com\/index.php\/wp-json\/wp\/v2\/comments?post=714"}],"version-history":[{"count":0,"href":"https:\/\/www.salvadormanjon.com\/index.php\/wp-json\/wp\/v2\/posts\/714\/revisions"}],"wp:attachment":[{"href":"https:\/\/www.salvadormanjon.com\/index.php\/wp-json\/wp\/v2\/media?parent=714"}],"wp:term":[{"taxonomy":"category","embeddable":true,"href":"https:\/\/www.salvadormanjon.com\/index.php\/wp-json\/wp\/v2\/categories?post=714"},{"taxonomy":"post_tag","embeddable":true,"href":"https:\/\/www.salvadormanjon.com\/index.php\/wp-json\/wp\/v2\/tags?post=714"}],"curies":[{"name":"wp","href":"https:\/\/api.w.org\/{rel}","templated":true}]}}