{"id":797,"date":"2014-07-30T13:10:17","date_gmt":"2014-07-30T11:10:17","guid":{"rendered":"http:\/\/www.salvadormanjon.com\/?p=797"},"modified":"2014-07-30T13:10:17","modified_gmt":"2014-07-30T11:10:17","slug":"no-es-lo-mismo-predicar-que-dar-trigo","status":"publish","type":"post","link":"https:\/\/www.salvadormanjon.com\/index.php\/2014\/07\/30\/no-es-lo-mismo-predicar-que-dar-trigo\/","title":{"rendered":"No es lo mismo predicar que dar trigo"},"content":{"rendered":"<p>Ya sabemos que no es lo mismo predicar que dar trigo. Que este sector es muy proclive a alzar la voz cuando tiene un problema, pero muy poco dispuesto a alcanzar acuerdos sectoriales que permitan una planificaci\u00f3n. Incluso que los pol\u00edticos son como veletas que est\u00e1n sometidos a vientos de direcciones muy distintas y que tienen la meritoria habilidad de encontrar razones para desdecirse con la misma facilidad que las encontraron para defender su argumento inicial.<\/p>\n<p>Dejando a un lado la imagen que podamos dar en el exterior (que no es una cuesti\u00f3n balad\u00ed, pero ahora mismo hay cuestiones que me parecen m\u00e1s importantes), el sector vuelve a dar muestras de una completa desorientaci\u00f3n y roza el cachondeo.<\/p>\n<p>Sabemos que la celeridad con la que son conocidas y publicadas (vamos a pensar que no son retenidas) las estad\u00edsticas del Magrama no es precisamente una cuesti\u00f3n de la que poder sentirse orgullosos. Por lo que una vez presentado el borrador de Real Decreto que inclu\u00eda la destilaci\u00f3n obligatoria y que deb\u00eda ser aprobado inmediatamente, esgrimir como todo argumento para justificar su retraso que la medida no ser\u00e1 aplicable al menos hasta septiembre \u201ccuando se conozcan los datos exactos del vino que hay realmente almacenado\u201d parece una excusa bastante peregrina que servir\u00e1 para dejar morir en el olvido la medida.<\/p>\n<p>Y dejando a un lado opiniones sobre si esta media era adecuada, si afectaba a quienes realmente deb\u00eda dirigirse; si deb\u00eda haberse adoptado antes de que hubieran ca\u00eddo los precios hasta los niveles que lo ha hecho. Incluso si su anuncio para lo \u00fanico que ha servido ha sido para que las cotizaciones bajen todav\u00eda m\u00e1s ante la urgencia de las bodegas de dar salida a un vino cuya contabilidad en sus instalaciones supondr\u00eda un importante coste a\u00f1adido. Lo \u00fanico realmente incuestionable es que el Magrama ha vuelto a poner en evidencia la debilidad pol\u00edtica en la que se encuentra como consecuencia del marco territorial de nuestro pa\u00eds.<\/p>\n<p>Bueno, de eso, y de una inocencia no s\u00e9 si admisible. Ya que no creer\u00e1n que una medida que iba dirigida \u201cexclusivamente\u201d a una regi\u00f3n: Castilla-La Mancha y especialmente a un colectivo: las cooperativas, aunque tambi\u00e9n a importantes bodegas con un notable peso; iba a pasar inadvertida y asumida sin m\u00e1s razonamiento que la asunci\u00f3n de una situaci\u00f3n de la que no se sienten ellos solos responsables.<\/p>\n<p>Claro que visto lo visto no s\u00e9 qu\u00e9 es peor, si la sensaci\u00f3n de ninguneo al que se ha visto expuesto el Magrama. O la posibilidad de que en el \u201cotro gran asunto\u201d que afecta al sector: la interprofesional, cuya constituci\u00f3n tambi\u00e9n \u00bfera, es? inmediata, se produzca algo parecido cuando llegue el momento de concretar el reparto de los asientos y la contribuci\u00f3n de cada uno.<\/p>\n","protected":false},"excerpt":{"rendered":"<p>Ya sabemos que no es lo mismo predicar que dar trigo. Que este sector es muy proclive a alzar la voz cuando tiene un problema, pero muy poco dispuesto a alcanzar acuerdos sectoriales que permitan una planificaci\u00f3n. Incluso que los pol\u00edticos son como veletas que est\u00e1n sometidos a vientos de direcciones muy distintas y que [&hellip;]<\/p>\n","protected":false},"author":1,"featured_media":0,"comment_status":"open","ping_status":"closed","sticky":false,"template":"","format":"standard","meta":{"footnotes":""},"categories":[3],"tags":[],"class_list":["post-797","post","type-post","status-publish","format-standard","hentry","category-impresiones"],"_links":{"self":[{"href":"https:\/\/www.salvadormanjon.com\/index.php\/wp-json\/wp\/v2\/posts\/797","targetHints":{"allow":["GET"]}}],"collection":[{"href":"https:\/\/www.salvadormanjon.com\/index.php\/wp-json\/wp\/v2\/posts"}],"about":[{"href":"https:\/\/www.salvadormanjon.com\/index.php\/wp-json\/wp\/v2\/types\/post"}],"author":[{"embeddable":true,"href":"https:\/\/www.salvadormanjon.com\/index.php\/wp-json\/wp\/v2\/users\/1"}],"replies":[{"embeddable":true,"href":"https:\/\/www.salvadormanjon.com\/index.php\/wp-json\/wp\/v2\/comments?post=797"}],"version-history":[{"count":0,"href":"https:\/\/www.salvadormanjon.com\/index.php\/wp-json\/wp\/v2\/posts\/797\/revisions"}],"wp:attachment":[{"href":"https:\/\/www.salvadormanjon.com\/index.php\/wp-json\/wp\/v2\/media?parent=797"}],"wp:term":[{"taxonomy":"category","embeddable":true,"href":"https:\/\/www.salvadormanjon.com\/index.php\/wp-json\/wp\/v2\/categories?post=797"},{"taxonomy":"post_tag","embeddable":true,"href":"https:\/\/www.salvadormanjon.com\/index.php\/wp-json\/wp\/v2\/tags?post=797"}],"curies":[{"name":"wp","href":"https:\/\/api.w.org\/{rel}","templated":true}]}}